[{"@context":"https:\/\/schema.org\/","@type":"Blog","@id":"https:\/\/www.aye.cz#Blog","headline":"","description":"","url":"https:\/\/www.aye.cz","hasPart":[{"@type":"Article","@id":"https:\/\/www.aye.cz\/sport\/prijemny-sport\/","headline":"P\u0159\u00edjemn\u00fd sport","url":"https:\/\/www.aye.cz\/sport\/prijemny-sport\/","datePublished":"2023-12-15","dateModified":"2023-12-15","mainEntityOfPage":"https:\/\/www.aye.cz\/sport\/prijemny-sport\/","author":{"@type":"Person","@id":"https:\/\/www.aye.cz\/author\/#Person","name":"","url":"https:\/\/www.aye.cz\/author\/","identifier":1,"image":{"@type":"ImageObject","@id":"https:\/\/secure.gravatar.com\/avatar\/29b4b7cf61bc7f4a3cff4e7146cbe3cb?s=96&d=mm&r=g","url":"https:\/\/secure.gravatar.com\/avatar\/29b4b7cf61bc7f4a3cff4e7146cbe3cb?s=96&d=mm&r=g","height":96,"width":96}},"publisher":{"@type":"Organization","name":"aye.cz","logo":{"@type":"ImageObject","@id":"\/logo.png","url":"\/logo.png","width":600,"height":60}},"image":{"@type":"ImageObject","@id":"https:\/\/www.aye.cz\/wp-content\/uploads\/woman-3053489_1280_1.jpg","url":"https:\/\/www.aye.cz\/wp-content\/uploads\/woman-3053489_1280_1.jpg","height":0,"width":0},"wordCount":506,"keywords":null},{"@type":"Article","@id":"https:\/\/www.aye.cz\/byznys\/stehovani-na-klic-v-zime-s-profesionaly\/","headline":"St\u011bhov\u00e1n\u00ed na kl\u00ed\u010d v zim\u011b s profesion\u00e1ly","url":"https:\/\/www.aye.cz\/byznys\/stehovani-na-klic-v-zime-s-profesionaly\/","datePublished":"2023-12-15","dateModified":"2023-12-15","mainEntityOfPage":"https:\/\/www.aye.cz\/byznys\/stehovani-na-klic-v-zime-s-profesionaly\/","author":{"@type":"Person","@id":"https:\/\/www.aye.cz\/author\/#Person","name":"","url":"https:\/\/www.aye.cz\/author\/","identifier":1,"image":{"@type":"ImageObject","@id":"https:\/\/secure.gravatar.com\/avatar\/29b4b7cf61bc7f4a3cff4e7146cbe3cb?s=96&d=mm&r=g","url":"https:\/\/secure.gravatar.com\/avatar\/29b4b7cf61bc7f4a3cff4e7146cbe3cb?s=96&d=mm&r=g","height":96,"width":96}},"publisher":{"@type":"Organization","name":"aye.cz","logo":{"@type":"ImageObject","@id":"\/logo.png","url":"\/logo.png","width":600,"height":60}},"image":{"@type":"ImageObject","@id":"https:\/\/www.aye.cz\/wp-content\/uploads\/couch-2656571_640.png","url":"https:\/\/www.aye.cz\/wp-content\/uploads\/couch-2656571_640.png","height":0,"width":0},"wordCount":593,"keywords":null},{"@type":"Article","@id":"https:\/\/www.aye.cz\/byznys\/proc-si-objednat-cisteni-rozvodu-vzduchotechniky-ve-vasem-dome\/","headline":"Pro\u010d si objednat \u010di\u0161t\u011bn\u00ed rozvod\u016f vzduchotechniky ve va\u0161em dom\u011b","url":"https:\/\/www.aye.cz\/byznys\/proc-si-objednat-cisteni-rozvodu-vzduchotechniky-ve-vasem-dome\/","datePublished":"2023-12-15","dateModified":"2023-12-15","mainEntityOfPage":"https:\/\/www.aye.cz\/byznys\/proc-si-objednat-cisteni-rozvodu-vzduchotechniky-ve-vasem-dome\/","author":{"@type":"Person","@id":"https:\/\/www.aye.cz\/author\/#Person","name":"","url":"https:\/\/www.aye.cz\/author\/","identifier":1,"image":{"@type":"ImageObject","@id":"https:\/\/secure.gravatar.com\/avatar\/29b4b7cf61bc7f4a3cff4e7146cbe3cb?s=96&d=mm&r=g","url":"https:\/\/secure.gravatar.com\/avatar\/29b4b7cf61bc7f4a3cff4e7146cbe3cb?s=96&d=mm&r=g","height":96,"width":96}},"publisher":{"@type":"Organization","name":"aye.cz","logo":{"@type":"ImageObject","@id":"\/logo.png","url":"\/logo.png","width":600,"height":60}},"image":{"@type":"ImageObject","@id":"https:\/\/www.aye.cz\/wp-content\/uploads\/building-2891488_640.jpg","url":"https:\/\/www.aye.cz\/wp-content\/uploads\/building-2891488_640.jpg","height":0,"width":0},"wordCount":530,"keywords":null},{"@type":"Article","@id":"https:\/\/www.aye.cz\/byznys\/ppc-reklama-jako-forma-marketingu\/","headline":"PPc reklama jako forma marketingu","url":"https:\/\/www.aye.cz\/byznys\/ppc-reklama-jako-forma-marketingu\/","datePublished":"2023-12-15","dateModified":"2023-12-15","mainEntityOfPage":"https:\/\/www.aye.cz\/byznys\/ppc-reklama-jako-forma-marketingu\/","author":{"@type":"Person","@id":"https:\/\/www.aye.cz\/author\/#Person","name":"","url":"https:\/\/www.aye.cz\/author\/","identifier":1,"image":{"@type":"ImageObject","@id":"https:\/\/secure.gravatar.com\/avatar\/29b4b7cf61bc7f4a3cff4e7146cbe3cb?s=96&d=mm&r=g","url":"https:\/\/secure.gravatar.com\/avatar\/29b4b7cf61bc7f4a3cff4e7146cbe3cb?s=96&d=mm&r=g","height":96,"width":96}},"publisher":{"@type":"Organization","name":"aye.cz","logo":{"@type":"ImageObject","@id":"\/logo.png","url":"\/logo.png","width":600,"height":60}},"image":{"@type":"ImageObject","@id":"https:\/\/www.aye.cz\/wp-content\/uploads\/lukas-blazek-mcSDtbWXUZU-unsplash_1.jpg","url":"https:\/\/www.aye.cz\/wp-content\/uploads\/lukas-blazek-mcSDtbWXUZU-unsplash_1.jpg","height":0,"width":0},"wordCount":537,"keywords":null},{"@type":"Article","@id":"https:\/\/www.aye.cz\/krasa\/ideal-krasy\/","headline":"Ide\u00e1l kr\u00e1sy","url":"https:\/\/www.aye.cz\/krasa\/ideal-krasy\/","datePublished":"2023-12-15","dateModified":"2023-12-15","mainEntityOfPage":"https:\/\/www.aye.cz\/krasa\/ideal-krasy\/","author":{"@type":"Person","@id":"https:\/\/www.aye.cz\/author\/#Person","name":"","url":"https:\/\/www.aye.cz\/author\/","identifier":1,"image":{"@type":"ImageObject","@id":"https:\/\/secure.gravatar.com\/avatar\/29b4b7cf61bc7f4a3cff4e7146cbe3cb?s=96&d=mm&r=g","url":"https:\/\/secure.gravatar.com\/avatar\/29b4b7cf61bc7f4a3cff4e7146cbe3cb?s=96&d=mm&r=g","height":96,"width":96}},"publisher":{"@type":"Organization","name":"aye.cz","logo":{"@type":"ImageObject","@id":"\/logo.png","url":"\/logo.png","width":600,"height":60}},"image":{"@type":"ImageObject","@id":"https:\/\/www.aye.cz\/wp-content\/uploads\/bdsm-1973280_1280_1.jpg","url":"https:\/\/www.aye.cz\/wp-content\/uploads\/bdsm-1973280_1280_1.jpg","height":0,"width":0},"wordCount":530,"keywords":null},{"@type":"Article","@id":"https:\/\/www.aye.cz\/byznys\/kdyz-demolice-domu-nevede-k-uspesnemu-konci\/","headline":"Kdy\u017e demolice domu nevede k \u00fasp\u011b\u0161n\u00e9mu konci","url":"https:\/\/www.aye.cz\/byznys\/kdyz-demolice-domu-nevede-k-uspesnemu-konci\/","datePublished":"2023-12-11","dateModified":"2023-12-11","mainEntityOfPage":"https:\/\/www.aye.cz\/byznys\/kdyz-demolice-domu-nevede-k-uspesnemu-konci\/","author":{"@type":"Person","@id":"https:\/\/www.aye.cz\/author\/#Person","name":"","url":"https:\/\/www.aye.cz\/author\/","identifier":1,"image":{"@type":"ImageObject","@id":"https:\/\/secure.gravatar.com\/avatar\/29b4b7cf61bc7f4a3cff4e7146cbe3cb?s=96&d=mm&r=g","url":"https:\/\/secure.gravatar.com\/avatar\/29b4b7cf61bc7f4a3cff4e7146cbe3cb?s=96&d=mm&r=g","height":96,"width":96}},"publisher":{"@type":"Organization","name":"aye.cz","logo":{"@type":"ImageObject","@id":"\/logo.png","url":"\/logo.png","width":600,"height":60}},"image":{"@type":"ImageObject","@id":"https:\/\/www.aye.cz\/wp-content\/uploads\/disintegration-1882121_640.jpg","url":"https:\/\/www.aye.cz\/wp-content\/uploads\/disintegration-1882121_640.jpg","height":0,"width":0},"wordCount":533,"keywords":null},{"@type":"Article","@id":"https:\/\/www.aye.cz\/bydleni\/vse-se-v-zivote-muze-v-dobrem-obratit\/","headline":"V\u0161e se v \u017eivot\u011b m\u016f\u017ee v dobr\u00e9m obr\u00e1tit","url":"https:\/\/www.aye.cz\/bydleni\/vse-se-v-zivote-muze-v-dobrem-obratit\/","datePublished":"2023-11-29","dateModified":"2023-11-29","mainEntityOfPage":"https:\/\/www.aye.cz\/bydleni\/vse-se-v-zivote-muze-v-dobrem-obratit\/","author":{"@type":"Person","@id":"https:\/\/www.aye.cz\/author\/#Person","name":"","url":"https:\/\/www.aye.cz\/author\/","identifier":1,"image":{"@type":"ImageObject","@id":"https:\/\/secure.gravatar.com\/avatar\/29b4b7cf61bc7f4a3cff4e7146cbe3cb?s=96&d=mm&r=g","url":"https:\/\/secure.gravatar.com\/avatar\/29b4b7cf61bc7f4a3cff4e7146cbe3cb?s=96&d=mm&r=g","height":96,"width":96}},"publisher":{"@type":"Organization","name":"aye.cz","logo":{"@type":"ImageObject","@id":"\/logo.png","url":"\/logo.png","width":600,"height":60}},"image":{"@type":"ImageObject","@id":"https:\/\/www.aye.cz\/wp-content\/uploads\/woman-1869158_640_2.jpg","url":"https:\/\/www.aye.cz\/wp-content\/uploads\/woman-1869158_640_2.jpg","height":0,"width":0},"wordCount":576,"keywords":null},{"@type":"Article","@id":"https:\/\/www.aye.cz\/technika\/technika-ve-svete\/","headline":"Technika ve sv\u011bt\u011b","url":"https:\/\/www.aye.cz\/technika\/technika-ve-svete\/","datePublished":"2023-11-28","dateModified":"2023-11-28","mainEntityOfPage":"https:\/\/www.aye.cz\/technika\/technika-ve-svete\/","author":{"@type":"Person","@id":"https:\/\/www.aye.cz\/author\/#Person","name":"","url":"https:\/\/www.aye.cz\/author\/","identifier":1,"image":{"@type":"ImageObject","@id":"https:\/\/secure.gravatar.com\/avatar\/29b4b7cf61bc7f4a3cff4e7146cbe3cb?s=96&d=mm&r=g","url":"https:\/\/secure.gravatar.com\/avatar\/29b4b7cf61bc7f4a3cff4e7146cbe3cb?s=96&d=mm&r=g","height":96,"width":96}},"publisher":{"@type":"Organization","name":"aye.cz","logo":{"@type":"ImageObject","@id":"\/logo.png","url":"\/logo.png","width":600,"height":60}},"image":{"@type":"ImageObject","@id":"https:\/\/www.aye.cz\/wp-content\/uploads\/iphone-410311_1280_10.jpg","url":"https:\/\/www.aye.cz\/wp-content\/uploads\/iphone-410311_1280_10.jpg","height":0,"width":0},"wordCount":515,"keywords":null},{"@type":"Article","@id":"https:\/\/www.aye.cz\/elektro\/elektricke-svicky\/","headline":"Elektrick\u00e9 sv\u00ed\u010dky","url":"https:\/\/www.aye.cz\/elektro\/elektricke-svicky\/","datePublished":"2023-11-28","dateModified":"2023-11-28","mainEntityOfPage":"https:\/\/www.aye.cz\/elektro\/elektricke-svicky\/","author":{"@type":"Person","@id":"https:\/\/www.aye.cz\/author\/#Person","name":"","url":"https:\/\/www.aye.cz\/author\/","identifier":1,"image":{"@type":"ImageObject","@id":"https:\/\/secure.gravatar.com\/avatar\/29b4b7cf61bc7f4a3cff4e7146cbe3cb?s=96&d=mm&r=g","url":"https:\/\/secure.gravatar.com\/avatar\/29b4b7cf61bc7f4a3cff4e7146cbe3cb?s=96&d=mm&r=g","height":96,"width":96}},"publisher":{"@type":"Organization","name":"aye.cz","logo":{"@type":"ImageObject","@id":"\/logo.png","url":"\/logo.png","width":600,"height":60}},"image":{"@type":"ImageObject","@id":"https:\/\/www.aye.cz\/wp-content\/uploads\/hands-1926414_1280.jpg","url":"https:\/\/www.aye.cz\/wp-content\/uploads\/hands-1926414_1280.jpg","height":0,"width":0},"wordCount":542,"keywords":null},{"@type":"Article","@id":"https:\/\/www.aye.cz\/byznys\/velmi-prakticke-trvale-bydliste\/","headline":"Velmi praktick\u00e9 trval\u00e9 bydli\u0161t\u011b","url":"https:\/\/www.aye.cz\/byznys\/velmi-prakticke-trvale-bydliste\/","datePublished":"2023-11-27","dateModified":"2023-11-27","mainEntityOfPage":"https:\/\/www.aye.cz\/byznys\/velmi-prakticke-trvale-bydliste\/","author":{"@type":"Person","@id":"https:\/\/www.aye.cz\/author\/#Person","name":"","url":"https:\/\/www.aye.cz\/author\/","identifier":1,"image":{"@type":"ImageObject","@id":"https:\/\/secure.gravatar.com\/avatar\/29b4b7cf61bc7f4a3cff4e7146cbe3cb?s=96&d=mm&r=g","url":"https:\/\/secure.gravatar.com\/avatar\/29b4b7cf61bc7f4a3cff4e7146cbe3cb?s=96&d=mm&r=g","height":96,"width":96}},"publisher":{"@type":"Organization","name":"aye.cz","logo":{"@type":"ImageObject","@id":"\/logo.png","url":"\/logo.png","width":600,"height":60}},"image":{"@type":"ImageObject","@id":"https:\/\/www.aye.cz\/wp-content\/uploads\/computer-2565478_1280_9.jpg","url":"https:\/\/www.aye.cz\/wp-content\/uploads\/computer-2565478_1280_9.jpg","height":0,"width":0},"wordCount":592,"keywords":null}]},{"@context":"https:\/\/schema.org","@type":"WebSite","@id":"https:\/\/www.aye.cz\/#website","name":"","url":"https:\/\/www.aye.cz","potentialAction":{"@type":"SearchAction","target":"https:\/\/www.aye.cz\/?s={search_term_string}","query-input":"required name=search_term_string"}}]