[{"@context":"https:\/\/schema.org\/","@type":"Blog","@id":"https:\/\/www.aye.cz#Blog","headline":"","description":"","url":"https:\/\/www.aye.cz","hasPart":[{"@type":"Article","@id":"https:\/\/www.aye.cz\/bydleni\/ladeni-je-dulezite\/","headline":"Lad\u011bn\u00ed je d\u016fle\u017eit\u00e9","url":"https:\/\/www.aye.cz\/bydleni\/ladeni-je-dulezite\/","datePublished":"2025-03-10","dateModified":"2025-03-10","mainEntityOfPage":"https:\/\/www.aye.cz\/bydleni\/ladeni-je-dulezite\/","author":{"@type":"Person","@id":"https:\/\/www.aye.cz\/author\/#Person","name":"","url":"https:\/\/www.aye.cz\/author\/","identifier":1,"image":{"@type":"ImageObject","@id":"https:\/\/secure.gravatar.com\/avatar\/29b4b7cf61bc7f4a3cff4e7146cbe3cb?s=96&d=mm&r=g","url":"https:\/\/secure.gravatar.com\/avatar\/29b4b7cf61bc7f4a3cff4e7146cbe3cb?s=96&d=mm&r=g","height":96,"width":96}},"publisher":{"@type":"Organization","name":"aye.cz","logo":{"@type":"ImageObject","@id":"\/logo.png","url":"\/logo.png","width":600,"height":60}},"image":null,"wordCount":232,"keywords":null},{"@type":"Article","@id":"https:\/\/www.aye.cz\/bydleni\/automobilovy-prumysl-na-ostri-noze\/","headline":"Automobilov\u00fd pr\u016fmysl na ost\u0159\u00ed no\u017ee","url":"https:\/\/www.aye.cz\/bydleni\/automobilovy-prumysl-na-ostri-noze\/","datePublished":"2025-03-01","dateModified":"2025-03-01","mainEntityOfPage":"https:\/\/www.aye.cz\/bydleni\/automobilovy-prumysl-na-ostri-noze\/","author":{"@type":"Person","@id":"https:\/\/www.aye.cz\/author\/#Person","name":"","url":"https:\/\/www.aye.cz\/author\/","identifier":1,"image":{"@type":"ImageObject","@id":"https:\/\/secure.gravatar.com\/avatar\/29b4b7cf61bc7f4a3cff4e7146cbe3cb?s=96&d=mm&r=g","url":"https:\/\/secure.gravatar.com\/avatar\/29b4b7cf61bc7f4a3cff4e7146cbe3cb?s=96&d=mm&r=g","height":96,"width":96}},"publisher":{"@type":"Organization","name":"aye.cz","logo":{"@type":"ImageObject","@id":"\/logo.png","url":"\/logo.png","width":600,"height":60}},"image":{"@type":"ImageObject","@id":"https:\/\/www.aye.cz\/wp-content\/uploads\/img_a311108_w2191_t1522054169.jpg","url":"https:\/\/www.aye.cz\/wp-content\/uploads\/img_a311108_w2191_t1522054169.jpg","height":0,"width":0},"wordCount":539,"keywords":null},{"@type":"Article","@id":"https:\/\/www.aye.cz\/bydleni\/jaky-volit-disk-aneb-ssd-vs-hdd\/","headline":"Jak\u00fd volit disk, aneb SSD vs. HDD","url":"https:\/\/www.aye.cz\/bydleni\/jaky-volit-disk-aneb-ssd-vs-hdd\/","datePublished":"2025-02-27","dateModified":"2025-02-27","mainEntityOfPage":"https:\/\/www.aye.cz\/bydleni\/jaky-volit-disk-aneb-ssd-vs-hdd\/","author":{"@type":"Person","@id":"https:\/\/www.aye.cz\/author\/#Person","name":"","url":"https:\/\/www.aye.cz\/author\/","identifier":1,"image":{"@type":"ImageObject","@id":"https:\/\/secure.gravatar.com\/avatar\/29b4b7cf61bc7f4a3cff4e7146cbe3cb?s=96&d=mm&r=g","url":"https:\/\/secure.gravatar.com\/avatar\/29b4b7cf61bc7f4a3cff4e7146cbe3cb?s=96&d=mm&r=g","height":96,"width":96}},"publisher":{"@type":"Organization","name":"aye.cz","logo":{"@type":"ImageObject","@id":"\/logo.png","url":"\/logo.png","width":600,"height":60}},"image":{"@type":"ImageObject","@id":"https:\/\/www.aye.cz\/wp-content\/uploads\/img_a342970_w2004_t1556100164.jpg","url":"https:\/\/www.aye.cz\/wp-content\/uploads\/img_a342970_w2004_t1556100164.jpg","height":0,"width":0},"wordCount":4451,"keywords":null},{"@type":"Article","@id":"https:\/\/www.aye.cz\/bydleni\/paletove-voziky\/","headline":"Paletov\u00e9 voz\u00edky","url":"https:\/\/www.aye.cz\/bydleni\/paletove-voziky\/","datePublished":"2025-02-25","dateModified":"2025-02-25","mainEntityOfPage":"https:\/\/www.aye.cz\/bydleni\/paletove-voziky\/","author":{"@type":"Person","@id":"https:\/\/www.aye.cz\/author\/#Person","name":"","url":"https:\/\/www.aye.cz\/author\/","identifier":1,"image":{"@type":"ImageObject","@id":"https:\/\/secure.gravatar.com\/avatar\/29b4b7cf61bc7f4a3cff4e7146cbe3cb?s=96&d=mm&r=g","url":"https:\/\/secure.gravatar.com\/avatar\/29b4b7cf61bc7f4a3cff4e7146cbe3cb?s=96&d=mm&r=g","height":96,"width":96}},"publisher":{"@type":"Organization","name":"aye.cz","logo":{"@type":"ImageObject","@id":"\/logo.png","url":"\/logo.png","width":600,"height":60}},"image":null,"wordCount":231,"keywords":null},{"@type":"Article","@id":"https:\/\/www.aye.cz\/zbozi\/skvely-pes-do-kazde-rodiny\/","headline":"Skv\u011bl\u00fd pes do ka\u017ed\u00e9 rodiny","url":"https:\/\/www.aye.cz\/zbozi\/skvely-pes-do-kazde-rodiny\/","datePublished":"2025-02-17","dateModified":"2025-02-17","mainEntityOfPage":"https:\/\/www.aye.cz\/zbozi\/skvely-pes-do-kazde-rodiny\/","author":{"@type":"Person","@id":"https:\/\/www.aye.cz\/author\/#Person","name":"","url":"https:\/\/www.aye.cz\/author\/","identifier":1,"image":{"@type":"ImageObject","@id":"https:\/\/secure.gravatar.com\/avatar\/29b4b7cf61bc7f4a3cff4e7146cbe3cb?s=96&d=mm&r=g","url":"https:\/\/secure.gravatar.com\/avatar\/29b4b7cf61bc7f4a3cff4e7146cbe3cb?s=96&d=mm&r=g","height":96,"width":96}},"publisher":{"@type":"Organization","name":"aye.cz","logo":{"@type":"ImageObject","@id":"\/logo.png","url":"\/logo.png","width":600,"height":60}},"image":{"@type":"ImageObject","@id":"https:\/\/www.aye.cz\/wp-content\/uploads\/akita-5763408_640_5.jpg","url":"https:\/\/www.aye.cz\/wp-content\/uploads\/akita-5763408_640_5.jpg","height":0,"width":0},"wordCount":548,"keywords":null},{"@type":"Article","@id":"https:\/\/www.aye.cz\/bydleni\/kdy-do-duchodu\/","headline":"Kdy do d\u016fchodu","url":"https:\/\/www.aye.cz\/bydleni\/kdy-do-duchodu\/","datePublished":"2025-02-16","dateModified":"2025-02-16","mainEntityOfPage":"https:\/\/www.aye.cz\/bydleni\/kdy-do-duchodu\/","author":{"@type":"Person","@id":"https:\/\/www.aye.cz\/author\/#Person","name":"","url":"https:\/\/www.aye.cz\/author\/","identifier":1,"image":{"@type":"ImageObject","@id":"https:\/\/secure.gravatar.com\/avatar\/29b4b7cf61bc7f4a3cff4e7146cbe3cb?s=96&d=mm&r=g","url":"https:\/\/secure.gravatar.com\/avatar\/29b4b7cf61bc7f4a3cff4e7146cbe3cb?s=96&d=mm&r=g","height":96,"width":96}},"publisher":{"@type":"Organization","name":"aye.cz","logo":{"@type":"ImageObject","@id":"\/logo.png","url":"\/logo.png","width":600,"height":60}},"image":null,"wordCount":290,"keywords":null},{"@type":"Article","@id":"https:\/\/www.aye.cz\/bydleni\/prekvapeni\/","headline":"P\u0159ekvapen\u00ed","url":"https:\/\/www.aye.cz\/bydleni\/prekvapeni\/","datePublished":"2025-02-10","dateModified":"2025-02-10","mainEntityOfPage":"https:\/\/www.aye.cz\/bydleni\/prekvapeni\/","author":{"@type":"Person","@id":"https:\/\/www.aye.cz\/author\/#Person","name":"","url":"https:\/\/www.aye.cz\/author\/","identifier":1,"image":{"@type":"ImageObject","@id":"https:\/\/secure.gravatar.com\/avatar\/29b4b7cf61bc7f4a3cff4e7146cbe3cb?s=96&d=mm&r=g","url":"https:\/\/secure.gravatar.com\/avatar\/29b4b7cf61bc7f4a3cff4e7146cbe3cb?s=96&d=mm&r=g","height":96,"width":96}},"publisher":{"@type":"Organization","name":"aye.cz","logo":{"@type":"ImageObject","@id":"\/logo.png","url":"\/logo.png","width":600,"height":60}},"image":null,"wordCount":228,"keywords":null},{"@type":"Article","@id":"https:\/\/www.aye.cz\/bydleni\/proc-prave-u-nas\/","headline":"Pro\u010d pr\u00e1v\u011b u n\u00e1s?","url":"https:\/\/www.aye.cz\/bydleni\/proc-prave-u-nas\/","datePublished":"2025-02-03","dateModified":"2025-02-03","mainEntityOfPage":"https:\/\/www.aye.cz\/bydleni\/proc-prave-u-nas\/","author":{"@type":"Person","@id":"https:\/\/www.aye.cz\/author\/#Person","name":"","url":"https:\/\/www.aye.cz\/author\/","identifier":1,"image":{"@type":"ImageObject","@id":"https:\/\/secure.gravatar.com\/avatar\/29b4b7cf61bc7f4a3cff4e7146cbe3cb?s=96&d=mm&r=g","url":"https:\/\/secure.gravatar.com\/avatar\/29b4b7cf61bc7f4a3cff4e7146cbe3cb?s=96&d=mm&r=g","height":96,"width":96}},"publisher":{"@type":"Organization","name":"aye.cz","logo":{"@type":"ImageObject","@id":"\/logo.png","url":"\/logo.png","width":600,"height":60}},"image":null,"wordCount":227,"keywords":null},{"@type":"Article","@id":"https:\/\/www.aye.cz\/bydleni\/krasa-a-hrdost-nezneho-pohlavi\/","headline":"Kr\u00e1sa a hrdost n\u011b\u017en\u00e9ho pohlav\u00ed","url":"https:\/\/www.aye.cz\/bydleni\/krasa-a-hrdost-nezneho-pohlavi\/","datePublished":"2025-01-27","dateModified":"2025-01-27","mainEntityOfPage":"https:\/\/www.aye.cz\/bydleni\/krasa-a-hrdost-nezneho-pohlavi\/","author":{"@type":"Person","@id":"https:\/\/www.aye.cz\/author\/#Person","name":"","url":"https:\/\/www.aye.cz\/author\/","identifier":1,"image":{"@type":"ImageObject","@id":"https:\/\/secure.gravatar.com\/avatar\/29b4b7cf61bc7f4a3cff4e7146cbe3cb?s=96&d=mm&r=g","url":"https:\/\/secure.gravatar.com\/avatar\/29b4b7cf61bc7f4a3cff4e7146cbe3cb?s=96&d=mm&r=g","height":96,"width":96}},"publisher":{"@type":"Organization","name":"aye.cz","logo":{"@type":"ImageObject","@id":"\/logo.png","url":"\/logo.png","width":600,"height":60}},"image":null,"wordCount":228,"keywords":null},{"@type":"Article","@id":"https:\/\/www.aye.cz\/bydleni\/proc-si-nedoprat-komfortni-sezeni\/","headline":"Pro\u010d si nedop\u0159\u00e1t komfortn\u00ed sezen\u00ed","url":"https:\/\/www.aye.cz\/bydleni\/proc-si-nedoprat-komfortni-sezeni\/","datePublished":"2025-01-23","dateModified":"2025-01-23","mainEntityOfPage":"https:\/\/www.aye.cz\/bydleni\/proc-si-nedoprat-komfortni-sezeni\/","author":{"@type":"Person","@id":"https:\/\/www.aye.cz\/author\/#Person","name":"","url":"https:\/\/www.aye.cz\/author\/","identifier":1,"image":{"@type":"ImageObject","@id":"https:\/\/secure.gravatar.com\/avatar\/29b4b7cf61bc7f4a3cff4e7146cbe3cb?s=96&d=mm&r=g","url":"https:\/\/secure.gravatar.com\/avatar\/29b4b7cf61bc7f4a3cff4e7146cbe3cb?s=96&d=mm&r=g","height":96,"width":96}},"publisher":{"@type":"Organization","name":"aye.cz","logo":{"@type":"ImageObject","@id":"\/logo.png","url":"\/logo.png","width":600,"height":60}},"image":null,"wordCount":236,"keywords":null}]},{"@context":"https:\/\/schema.org","@type":"WebSite","@id":"https:\/\/www.aye.cz\/#website","name":"","url":"https:\/\/www.aye.cz","potentialAction":{"@type":"SearchAction","target":"https:\/\/www.aye.cz\/?s={search_term_string}","query-input":"required name=search_term_string"}}]