[{"@context":"https:\/\/schema.org\/","@type":"Article","@id":"https:\/\/www.aye.cz\/bydleni\/ladeni-je-dulezite\/#Article","mainEntityOfPage":"https:\/\/www.aye.cz\/bydleni\/ladeni-je-dulezite\/","headline":"Lad\u011bn\u00ed je d\u016fle\u017eit\u00e9","name":"Lad\u011bn\u00ed je d\u016fle\u017eit\u00e9","description":"Modr\u00e1 a zelen\u00e1 dominuje pro ob\u00fdvac\u00ed pokoje, p\u0159eds\u00edn\u011b i kuchyn\u011b. Tato oslniv\u00e1 forma vybaven\u00ed je nad\u010dasov\u00e1 a motivuje k pr\u00e1ci, je zaru\u010den\u00fdm vodidlem pro dobrou n\u00e1ladu a je hojn\u011b preferovan\u00e1.&hellip; ","datePublished":"2025-03-10","dateModified":"2025-03-10","author":{"@type":"Person","@id":"https:\/\/www.aye.cz\/author\/#Person","name":"","url":"https:\/\/www.aye.cz\/author\/","identifier":1,"image":{"@type":"ImageObject","@id":"https:\/\/secure.gravatar.com\/avatar\/29b4b7cf61bc7f4a3cff4e7146cbe3cb?s=96&d=mm&r=g","url":"https:\/\/secure.gravatar.com\/avatar\/29b4b7cf61bc7f4a3cff4e7146cbe3cb?s=96&d=mm&r=g","height":96,"width":96}},"publisher":{"@type":"Organization","name":"aye.cz","logo":{"@type":"ImageObject","@id":"\/logo.png","url":"\/logo.png","width":600,"height":60}},"url":"https:\/\/www.aye.cz\/bydleni\/ladeni-je-dulezite\/","wordCount":184,"articleBody":"Modr\u00e1 a zelen\u00e1 dominuje pro ob\u00fdvac\u00ed pokoje, p\u0159eds\u00edn\u011b i kuchyn\u011b. Tato oslniv\u00e1 forma vybaven\u00ed je nad\u010dasov\u00e1 a motivuje k pr\u00e1ci, je zaru\u010den\u00fdm vodidlem pro dobrou n\u00e1ladu a je hojn\u011b preferovan\u00e1. P\u0159\u00edrodn\u00ed barvy jsou p\u011bkn\u00fdmi tak\u00e9 v lo\u017enic\u00edch a pracovn\u00e1ch. Hn\u011bd\u00e1 a b\u00e9\u017eov\u00e1 jsou tepl\u00e9, seri\u00f3zn\u00ed a ide\u00e1ln\u00ed do ob\u00fdvac\u00edho pokoje. Modern\u00ed obrazy se bez t\u011bchto barev jen st\u011b\u017e\u00ed obejdou. \u010cern\u00e1 a b\u00edl\u00e1 kombinace pat\u0159\u00ed mezi nejobl\u00edben\u011bj\u0161\u00ed a nej\u017ehav\u011bj\u0161\u00ed. Navo\u010fte si doma atmosf\u00e9ru tajemna p\u0159epychu. Bu\u010fte v kurzu Vyla\u010fte si v\u0161echny pokoje k sam\u00e9 dokonalosti, kombinujte nab\u00edzen\u00e9 barvy, vyu\u017eijte v\u0161ech mo\u017en\u00fdch rozm\u011br\u016f a h\u00fd\u010dkejte se skv\u011bl\u00fdmi slu\u017ebami. Vdechn\u011bte domu s\u00edlu um\u011bn\u00ed a modern\u00ed obrazy se v\u00e1m osv\u011bd\u010d\u00ed! Spole\u010dnost Colorika je vyhled\u00e1vanou firmou, kter\u00e1 dominuje kvalitn\u00edmi v\u00fdrobky za v\u00fdhodn\u00e9 ceny! Modern\u00edmu stylu pat\u0159\u00ed i sv\u00e9r\u00e1zn\u00e9 pojet\u00ed! Objedn\u00e1vejte s veselou mysl\u00ed!                                                                                                                                                                                                                                                                                                                                                                                                "},{"@context":"https:\/\/schema.org\/","@type":"BreadcrumbList","itemListElement":[{"@type":"ListItem","position":1,"name":"Bydleni","item":"https:\/\/www.aye.cz\/bydleni\/#breadcrumbitem"},{"@type":"ListItem","position":2,"name":"Lad\u011bn\u00ed je d\u016fle\u017eit\u00e9","item":"https:\/\/www.aye.cz\/bydleni\/ladeni-je-dulezite\/#breadcrumbitem"}]}]