[{"@context":"https:\/\/schema.org\/","@type":"Blog","@id":"https:\/\/www.aye.cz#Blog","headline":"","description":"","url":"https:\/\/www.aye.cz","hasPart":[{"@type":"Article","@id":"https:\/\/www.aye.cz\/bydleni\/go-hra-hlavne-pro-chytre\/","headline":"GO \u2013 hra hlavn\u011b pro chytr\u00e9","url":"https:\/\/www.aye.cz\/bydleni\/go-hra-hlavne-pro-chytre\/","datePublished":"2025-08-28","dateModified":"2025-08-28","mainEntityOfPage":"https:\/\/www.aye.cz\/bydleni\/go-hra-hlavne-pro-chytre\/","author":{"@type":"Person","@id":"https:\/\/www.aye.cz\/author\/#Person","name":"","url":"https:\/\/www.aye.cz\/author\/","identifier":1,"image":{"@type":"ImageObject","@id":"https:\/\/secure.gravatar.com\/avatar\/29b4b7cf61bc7f4a3cff4e7146cbe3cb?s=96&d=mm&r=g","url":"https:\/\/secure.gravatar.com\/avatar\/29b4b7cf61bc7f4a3cff4e7146cbe3cb?s=96&d=mm&r=g","height":96,"width":96}},"publisher":{"@type":"Organization","name":"aye.cz","logo":{"@type":"ImageObject","@id":"\/logo.png","url":"\/logo.png","width":600,"height":60}},"image":{"@type":"ImageObject","@id":"https:\/\/www.aye.cz\/wp-content\/uploads\/img_a312150_w2225_t1523176676.jpg","url":"https:\/\/www.aye.cz\/wp-content\/uploads\/img_a312150_w2225_t1523176676.jpg","height":0,"width":0},"wordCount":4566,"keywords":null},{"@type":"Article","@id":"https:\/\/www.aye.cz\/bydleni\/dodelavate-okna\/","headline":"Dod\u011bl\u00e1v\u00e1te okna?","url":"https:\/\/www.aye.cz\/bydleni\/dodelavate-okna\/","datePublished":"2025-08-28","dateModified":"2025-08-28","mainEntityOfPage":"https:\/\/www.aye.cz\/bydleni\/dodelavate-okna\/","author":{"@type":"Person","@id":"https:\/\/www.aye.cz\/author\/#Person","name":"","url":"https:\/\/www.aye.cz\/author\/","identifier":1,"image":{"@type":"ImageObject","@id":"https:\/\/secure.gravatar.com\/avatar\/29b4b7cf61bc7f4a3cff4e7146cbe3cb?s=96&d=mm&r=g","url":"https:\/\/secure.gravatar.com\/avatar\/29b4b7cf61bc7f4a3cff4e7146cbe3cb?s=96&d=mm&r=g","height":96,"width":96}},"publisher":{"@type":"Organization","name":"aye.cz","logo":{"@type":"ImageObject","@id":"\/logo.png","url":"\/logo.png","width":600,"height":60}},"image":null,"wordCount":203,"keywords":null},{"@type":"Article","@id":"https:\/\/www.aye.cz\/bydleni\/vymente-alespon-cast-sve-kuchyne\/","headline":"Vym\u011b\u0148te alespo\u0148 \u010d\u00e1st sv\u00e9 kuchyn\u011b","url":"https:\/\/www.aye.cz\/bydleni\/vymente-alespon-cast-sve-kuchyne\/","datePublished":"2025-08-23","dateModified":"2025-08-23","mainEntityOfPage":"https:\/\/www.aye.cz\/bydleni\/vymente-alespon-cast-sve-kuchyne\/","author":{"@type":"Person","@id":"https:\/\/www.aye.cz\/author\/#Person","name":"","url":"https:\/\/www.aye.cz\/author\/","identifier":1,"image":{"@type":"ImageObject","@id":"https:\/\/secure.gravatar.com\/avatar\/29b4b7cf61bc7f4a3cff4e7146cbe3cb?s=96&d=mm&r=g","url":"https:\/\/secure.gravatar.com\/avatar\/29b4b7cf61bc7f4a3cff4e7146cbe3cb?s=96&d=mm&r=g","height":96,"width":96}},"publisher":{"@type":"Organization","name":"aye.cz","logo":{"@type":"ImageObject","@id":"\/logo.png","url":"\/logo.png","width":600,"height":60}},"image":null,"wordCount":245,"keywords":null},{"@type":"Article","@id":"https:\/\/www.aye.cz\/bydleni\/ze-siroke-skaly-nabytku-si-urcite-kazdy-vybere-ten-nejvhodnejsi\/","headline":"Ze \u0161irok\u00e9 \u0161k\u00e1ly n\u00e1bytku si ur\u010dit\u011b ka\u017ed\u00fd vybere ten nejvhodn\u011bj\u0161\u00ed","url":"https:\/\/www.aye.cz\/bydleni\/ze-siroke-skaly-nabytku-si-urcite-kazdy-vybere-ten-nejvhodnejsi\/","datePublished":"2025-08-15","dateModified":"2025-08-15","mainEntityOfPage":"https:\/\/www.aye.cz\/bydleni\/ze-siroke-skaly-nabytku-si-urcite-kazdy-vybere-ten-nejvhodnejsi\/","author":{"@type":"Person","@id":"https:\/\/www.aye.cz\/author\/#Person","name":"","url":"https:\/\/www.aye.cz\/author\/","identifier":1,"image":{"@type":"ImageObject","@id":"https:\/\/secure.gravatar.com\/avatar\/29b4b7cf61bc7f4a3cff4e7146cbe3cb?s=96&d=mm&r=g","url":"https:\/\/secure.gravatar.com\/avatar\/29b4b7cf61bc7f4a3cff4e7146cbe3cb?s=96&d=mm&r=g","height":96,"width":96}},"publisher":{"@type":"Organization","name":"aye.cz","logo":{"@type":"ImageObject","@id":"\/logo.png","url":"\/logo.png","width":600,"height":60}},"image":null,"wordCount":270,"keywords":null},{"@type":"Article","@id":"https:\/\/www.aye.cz\/zabava\/neni-kava-jako-kava\/","headline":"Nen\u00ed kava jako k\u00e1va","url":"https:\/\/www.aye.cz\/zabava\/neni-kava-jako-kava\/","datePublished":"2025-08-11","dateModified":"2025-08-11","mainEntityOfPage":"https:\/\/www.aye.cz\/zabava\/neni-kava-jako-kava\/","author":{"@type":"Person","@id":"https:\/\/www.aye.cz\/author\/#Person","name":"","url":"https:\/\/www.aye.cz\/author\/","identifier":1,"image":{"@type":"ImageObject","@id":"https:\/\/secure.gravatar.com\/avatar\/29b4b7cf61bc7f4a3cff4e7146cbe3cb?s=96&d=mm&r=g","url":"https:\/\/secure.gravatar.com\/avatar\/29b4b7cf61bc7f4a3cff4e7146cbe3cb?s=96&d=mm&r=g","height":96,"width":96}},"publisher":{"@type":"Organization","name":"aye.cz","logo":{"@type":"ImageObject","@id":"\/logo.png","url":"\/logo.png","width":600,"height":60}},"image":{"@type":"ImageObject","@id":"https:\/\/www.aye.cz\/wp-content\/uploads\/coffee-1869772_640_1.jpg","url":"https:\/\/www.aye.cz\/wp-content\/uploads\/coffee-1869772_640_1.jpg","height":0,"width":0},"wordCount":622,"keywords":null},{"@type":"Article","@id":"https:\/\/www.aye.cz\/bydleni\/nejvic-informaci-o-bilem-sportu\/","headline":"Nejv\u00edc informac\u00ed o b\u00edl\u00e9m sportu","url":"https:\/\/www.aye.cz\/bydleni\/nejvic-informaci-o-bilem-sportu\/","datePublished":"2025-08-11","dateModified":"2025-08-11","mainEntityOfPage":"https:\/\/www.aye.cz\/bydleni\/nejvic-informaci-o-bilem-sportu\/","author":{"@type":"Person","@id":"https:\/\/www.aye.cz\/author\/#Person","name":"","url":"https:\/\/www.aye.cz\/author\/","identifier":1,"image":{"@type":"ImageObject","@id":"https:\/\/secure.gravatar.com\/avatar\/29b4b7cf61bc7f4a3cff4e7146cbe3cb?s=96&d=mm&r=g","url":"https:\/\/secure.gravatar.com\/avatar\/29b4b7cf61bc7f4a3cff4e7146cbe3cb?s=96&d=mm&r=g","height":96,"width":96}},"publisher":{"@type":"Organization","name":"aye.cz","logo":{"@type":"ImageObject","@id":"\/logo.png","url":"\/logo.png","width":600,"height":60}},"image":null,"wordCount":225,"keywords":null},{"@type":"Article","@id":"https:\/\/www.aye.cz\/bydleni\/ziskejte-plany-pro-svoje-aktivity-prave-u-nas\/","headline":"Z\u00edskejte pl\u00e1ny pro svoje aktivity pr\u00e1v\u011b u n\u00e1s!","url":"https:\/\/www.aye.cz\/bydleni\/ziskejte-plany-pro-svoje-aktivity-prave-u-nas\/","datePublished":"2025-08-06","dateModified":"2025-08-06","mainEntityOfPage":"https:\/\/www.aye.cz\/bydleni\/ziskejte-plany-pro-svoje-aktivity-prave-u-nas\/","author":{"@type":"Person","@id":"https:\/\/www.aye.cz\/author\/#Person","name":"","url":"https:\/\/www.aye.cz\/author\/","identifier":1,"image":{"@type":"ImageObject","@id":"https:\/\/secure.gravatar.com\/avatar\/29b4b7cf61bc7f4a3cff4e7146cbe3cb?s=96&d=mm&r=g","url":"https:\/\/secure.gravatar.com\/avatar\/29b4b7cf61bc7f4a3cff4e7146cbe3cb?s=96&d=mm&r=g","height":96,"width":96}},"publisher":{"@type":"Organization","name":"aye.cz","logo":{"@type":"ImageObject","@id":"\/logo.png","url":"\/logo.png","width":600,"height":60}},"image":null,"wordCount":208,"keywords":null},{"@type":"Article","@id":"https:\/\/www.aye.cz\/zbozi\/komu-se-muze-hodit-mikrometricke-meridlo\/","headline":"Komu se m\u016f\u017ee hodit mikrometrick\u00e9 m\u011b\u0159idlo","url":"https:\/\/www.aye.cz\/zbozi\/komu-se-muze-hodit-mikrometricke-meridlo\/","datePublished":"2025-08-02","dateModified":"2025-08-02","mainEntityOfPage":"https:\/\/www.aye.cz\/zbozi\/komu-se-muze-hodit-mikrometricke-meridlo\/","author":{"@type":"Person","@id":"https:\/\/www.aye.cz\/author\/#Person","name":"","url":"https:\/\/www.aye.cz\/author\/","identifier":1,"image":{"@type":"ImageObject","@id":"https:\/\/secure.gravatar.com\/avatar\/29b4b7cf61bc7f4a3cff4e7146cbe3cb?s=96&d=mm&r=g","url":"https:\/\/secure.gravatar.com\/avatar\/29b4b7cf61bc7f4a3cff4e7146cbe3cb?s=96&d=mm&r=g","height":96,"width":96}},"publisher":{"@type":"Organization","name":"aye.cz","logo":{"@type":"ImageObject","@id":"\/logo.png","url":"\/logo.png","width":600,"height":60}},"image":{"@type":"ImageObject","@id":"https:\/\/www.aye.cz\/wp-content\/uploads\/micrometer-4352977_640.jpg","url":"https:\/\/www.aye.cz\/wp-content\/uploads\/micrometer-4352977_640.jpg","height":0,"width":0},"wordCount":547,"keywords":null},{"@type":"Article","@id":"https:\/\/www.aye.cz\/bydleni\/sva-vozidla-muzete-zaparkovat-v-nasem-arealu\/","headline":"Sv\u00e1 vozidla m\u016f\u017eete zaparkovat v na\u0161em are\u00e1lu","url":"https:\/\/www.aye.cz\/bydleni\/sva-vozidla-muzete-zaparkovat-v-nasem-arealu\/","datePublished":"2025-07-30","dateModified":"2025-07-30","mainEntityOfPage":"https:\/\/www.aye.cz\/bydleni\/sva-vozidla-muzete-zaparkovat-v-nasem-arealu\/","author":{"@type":"Person","@id":"https:\/\/www.aye.cz\/author\/#Person","name":"","url":"https:\/\/www.aye.cz\/author\/","identifier":1,"image":{"@type":"ImageObject","@id":"https:\/\/secure.gravatar.com\/avatar\/29b4b7cf61bc7f4a3cff4e7146cbe3cb?s=96&d=mm&r=g","url":"https:\/\/secure.gravatar.com\/avatar\/29b4b7cf61bc7f4a3cff4e7146cbe3cb?s=96&d=mm&r=g","height":96,"width":96}},"publisher":{"@type":"Organization","name":"aye.cz","logo":{"@type":"ImageObject","@id":"\/logo.png","url":"\/logo.png","width":600,"height":60}},"image":null,"wordCount":186,"keywords":null},{"@type":"Article","@id":"https:\/\/www.aye.cz\/bydleni\/prinasime-zpravy-z-celeho-sveta\/","headline":"P\u0159in\u00e1\u0161\u00edme zpr\u00e1vy z cel\u00e9ho sv\u011bta","url":"https:\/\/www.aye.cz\/bydleni\/prinasime-zpravy-z-celeho-sveta\/","datePublished":"2025-07-22","dateModified":"2025-07-22","mainEntityOfPage":"https:\/\/www.aye.cz\/bydleni\/prinasime-zpravy-z-celeho-sveta\/","author":{"@type":"Person","@id":"https:\/\/www.aye.cz\/author\/#Person","name":"","url":"https:\/\/www.aye.cz\/author\/","identifier":1,"image":{"@type":"ImageObject","@id":"https:\/\/secure.gravatar.com\/avatar\/29b4b7cf61bc7f4a3cff4e7146cbe3cb?s=96&d=mm&r=g","url":"https:\/\/secure.gravatar.com\/avatar\/29b4b7cf61bc7f4a3cff4e7146cbe3cb?s=96&d=mm&r=g","height":96,"width":96}},"publisher":{"@type":"Organization","name":"aye.cz","logo":{"@type":"ImageObject","@id":"\/logo.png","url":"\/logo.png","width":600,"height":60}},"image":null,"wordCount":206,"keywords":null}]},{"@context":"https:\/\/schema.org","@type":"WebSite","@id":"https:\/\/www.aye.cz\/#website","name":"","url":"https:\/\/www.aye.cz","potentialAction":{"@type":"SearchAction","target":"https:\/\/www.aye.cz\/?s={search_term_string}","query-input":"required name=search_term_string"}}]